{"id":51,"date":"2019-05-24T12:20:46","date_gmt":"2019-05-24T10:20:46","guid":{"rendered":"http:\/\/crechecelestinfreinet.fr\/?p=51"},"modified":"2022-04-20T11:42:06","modified_gmt":"2022-04-20T09:42:06","slug":"creation-du-site-internet","status":"publish","type":"post","link":"https:\/\/crechecelestinfreinet.fr\/?p=51","title":{"rendered":"Cr\u00e9ation du site internet"},"content":{"rendered":"\n<p>En mars 2019 a \u00e9t\u00e9 cr\u00e9\u00e9 le site internet de l&rsquo;\u00e9tablissement C\u00e9lestin Freinet par Monsieur Pezerat, parent d&rsquo;une petite fille de la cr\u00e8che sous l&rsquo;impulsion de Madame Fouqueau, directrice.  <br>Vous y retrouverez les actualit\u00e9s li\u00e9es \u00e0 l&rsquo;\u00e9tablissement.<\/p>\n","protected":false},"excerpt":{"rendered":"<p>En mars 2019 a \u00e9t\u00e9 cr\u00e9\u00e9 le site internet de l&rsquo;\u00e9tablissement C\u00e9lestin Freinet par Monsieur Pezerat, parent d&rsquo;une petite fille de la cr\u00e8che sous l&rsquo;impulsion de Madame Fouqueau, directrice. Vous y retrouverez les actualit\u00e9s li\u00e9es \u00e0 l&rsquo;\u00e9tablissement.<\/p>\n","protected":false},"author":1,"featured_media":0,"comment_status":"closed","ping_status":"closed","sticky":false,"template":"","format":"standard","meta":{"footnotes":""},"categories":[3],"tags":[],"class_list":["post-51","post","type-post","status-publish","format-standard","hentry","category-actualites"],"_links":{"self":[{"href":"https:\/\/crechecelestinfreinet.fr\/index.php?rest_route=\/wp\/v2\/posts\/51","targetHints":{"allow":["GET"]}}],"collection":[{"href":"https:\/\/crechecelestinfreinet.fr\/index.php?rest_route=\/wp\/v2\/posts"}],"about":[{"href":"https:\/\/crechecelestinfreinet.fr\/index.php?rest_route=\/wp\/v2\/types\/post"}],"author":[{"embeddable":true,"href":"https:\/\/crechecelestinfreinet.fr\/index.php?rest_route=\/wp\/v2\/users\/1"}],"replies":[{"embeddable":true,"href":"https:\/\/crechecelestinfreinet.fr\/index.php?rest_route=%2Fwp%2Fv2%2Fcomments&post=51"}],"version-history":[{"count":4,"href":"https:\/\/crechecelestinfreinet.fr\/index.php?rest_route=\/wp\/v2\/posts\/51\/revisions"}],"predecessor-version":[{"id":210,"href":"https:\/\/crechecelestinfreinet.fr\/index.php?rest_route=\/wp\/v2\/posts\/51\/revisions\/210"}],"wp:attachment":[{"href":"https:\/\/crechecelestinfreinet.fr\/index.php?rest_route=%2Fwp%2Fv2%2Fmedia&parent=51"}],"wp:term":[{"taxonomy":"category","embeddable":true,"href":"https:\/\/crechecelestinfreinet.fr\/index.php?rest_route=%2Fwp%2Fv2%2Fcategories&post=51"},{"taxonomy":"post_tag","embeddable":true,"href":"https:\/\/crechecelestinfreinet.fr\/index.php?rest_route=%2Fwp%2Fv2%2Ftags&post=51"}],"curies":[{"name":"wp","href":"https:\/\/api.w.org\/{rel}","templated":true}]}}