{"id":304,"date":"2024-01-08T13:21:26","date_gmt":"2024-01-08T12:21:26","guid":{"rendered":"https:\/\/crechecelestinfreinet.fr\/?p=304"},"modified":"2024-01-08T13:27:45","modified_gmt":"2024-01-08T12:27:45","slug":"un-logo-et-des-mascottes-pour-la-creche","status":"publish","type":"post","link":"https:\/\/crechecelestinfreinet.fr\/?p=304","title":{"rendered":"Un logo et des mascottes pour la cr\u00e8che"},"content":{"rendered":"\n<p>La cr\u00e8che C\u00e9lestin Freinet s&rsquo;est dot\u00e9e d&rsquo;un nouveau logo et de deux petites mascottes.<br><\/p>\n\n\n\n<figure class=\"wp-block-image size-full\"><img loading=\"lazy\" decoding=\"async\" width=\"500\" height=\"500\" src=\"https:\/\/crechecelestinfreinet.fr\/wp-content\/uploads\/2024\/01\/logo-creche.jpeg\" alt=\"\" class=\"wp-image-305\" srcset=\"https:\/\/crechecelestinfreinet.fr\/wp-content\/uploads\/2024\/01\/logo-creche.jpeg 500w, https:\/\/crechecelestinfreinet.fr\/wp-content\/uploads\/2024\/01\/logo-creche-300x300.jpeg 300w, https:\/\/crechecelestinfreinet.fr\/wp-content\/uploads\/2024\/01\/logo-creche-150x150.jpeg 150w, https:\/\/crechecelestinfreinet.fr\/wp-content\/uploads\/2024\/01\/logo-creche-66x66.jpeg 66w, https:\/\/crechecelestinfreinet.fr\/wp-content\/uploads\/2024\/01\/logo-creche-444x444.jpeg 444w\" sizes=\"auto, (max-width: 500px) 100vw, 500px\" \/><\/figure>\n\n\n\n<figure class=\"wp-block-image size-full\"><img loading=\"lazy\" decoding=\"async\" width=\"768\" height=\"871\" src=\"https:\/\/crechecelestinfreinet.fr\/wp-content\/uploads\/2024\/01\/Mascottes-Celestin-Freinet-.jpg\" alt=\"\" class=\"wp-image-306\" srcset=\"https:\/\/crechecelestinfreinet.fr\/wp-content\/uploads\/2024\/01\/Mascottes-Celestin-Freinet-.jpg 768w, https:\/\/crechecelestinfreinet.fr\/wp-content\/uploads\/2024\/01\/Mascottes-Celestin-Freinet--265x300.jpg 265w, https:\/\/crechecelestinfreinet.fr\/wp-content\/uploads\/2024\/01\/Mascottes-Celestin-Freinet--618x701.jpg 618w, https:\/\/crechecelestinfreinet.fr\/wp-content\/uploads\/2024\/01\/Mascottes-Celestin-Freinet--391x444.jpg 391w\" sizes=\"auto, (max-width: 768px) 100vw, 768px\" \/><\/figure>\n","protected":false},"excerpt":{"rendered":"<p>La cr\u00e8che C\u00e9lestin Freinet s&rsquo;est dot\u00e9e d&rsquo;un nouveau logo et de deux petites mascottes.<\/p>\n","protected":false},"author":1,"featured_media":0,"comment_status":"open","ping_status":"open","sticky":false,"template":"","format":"standard","meta":{"footnotes":""},"categories":[4],"tags":[],"class_list":["post-304","post","type-post","status-publish","format-standard","hentry","category-articles"],"_links":{"self":[{"href":"https:\/\/crechecelestinfreinet.fr\/index.php?rest_route=\/wp\/v2\/posts\/304","targetHints":{"allow":["GET"]}}],"collection":[{"href":"https:\/\/crechecelestinfreinet.fr\/index.php?rest_route=\/wp\/v2\/posts"}],"about":[{"href":"https:\/\/crechecelestinfreinet.fr\/index.php?rest_route=\/wp\/v2\/types\/post"}],"author":[{"embeddable":true,"href":"https:\/\/crechecelestinfreinet.fr\/index.php?rest_route=\/wp\/v2\/users\/1"}],"replies":[{"embeddable":true,"href":"https:\/\/crechecelestinfreinet.fr\/index.php?rest_route=%2Fwp%2Fv2%2Fcomments&post=304"}],"version-history":[{"count":1,"href":"https:\/\/crechecelestinfreinet.fr\/index.php?rest_route=\/wp\/v2\/posts\/304\/revisions"}],"predecessor-version":[{"id":307,"href":"https:\/\/crechecelestinfreinet.fr\/index.php?rest_route=\/wp\/v2\/posts\/304\/revisions\/307"}],"wp:attachment":[{"href":"https:\/\/crechecelestinfreinet.fr\/index.php?rest_route=%2Fwp%2Fv2%2Fmedia&parent=304"}],"wp:term":[{"taxonomy":"category","embeddable":true,"href":"https:\/\/crechecelestinfreinet.fr\/index.php?rest_route=%2Fwp%2Fv2%2Fcategories&post=304"},{"taxonomy":"post_tag","embeddable":true,"href":"https:\/\/crechecelestinfreinet.fr\/index.php?rest_route=%2Fwp%2Fv2%2Ftags&post=304"}],"curies":[{"name":"wp","href":"https:\/\/api.w.org\/{rel}","templated":true}]}}