{"id":300,"date":"2023-10-18T12:23:56","date_gmt":"2023-10-18T10:23:56","guid":{"rendered":"https:\/\/crechecelestinfreinet.fr\/?p=300"},"modified":"2023-10-18T12:24:39","modified_gmt":"2023-10-18T10:24:39","slug":"salon-de-la-pedagogie-freinet","status":"publish","type":"post","link":"https:\/\/crechecelestinfreinet.fr\/?p=300","title":{"rendered":"Salon de la p\u00e9dagogie Freinet"},"content":{"rendered":"\n<figure class=\"wp-block-image size-full\"><img loading=\"lazy\" decoding=\"async\" width=\"460\" height=\"614\" src=\"https:\/\/crechecelestinfreinet.fr\/wp-content\/uploads\/2023\/10\/salon-2023-de-la-Pedagogie-FREINET-.png\" alt=\"\" class=\"wp-image-301\" srcset=\"https:\/\/crechecelestinfreinet.fr\/wp-content\/uploads\/2023\/10\/salon-2023-de-la-Pedagogie-FREINET-.png 460w, https:\/\/crechecelestinfreinet.fr\/wp-content\/uploads\/2023\/10\/salon-2023-de-la-Pedagogie-FREINET--225x300.png 225w, https:\/\/crechecelestinfreinet.fr\/wp-content\/uploads\/2023\/10\/salon-2023-de-la-Pedagogie-FREINET--333x444.png 333w\" sizes=\"auto, (max-width: 460px) 100vw, 460px\" \/><\/figure>\n\n\n\n<p>Si C\u00e9lestin Freinet a d&rsquo;abord \u0153uvr\u00e9, avec Elise,&nbsp; pour une p\u00e9dagogie nouvelle au sein de l&rsquo;\u00e9cole, sa p\u00e9dagogie sociale orient\u00e9e vers&nbsp; une coop\u00e9ration et une \u00e9mancipation concerne tout groupe humain amen\u00e9 \u00e0 \u00e9changer ou \u00e0 travailler collectivement ensemble.<\/p>\n\n\n\n<p>En cr\u00e8che, si nous encourageons les jeunes enfants \u00e0 tatonner et \u00e0 exp\u00e9rimenter, nous encourageons, dans le m\u00eame temps,&nbsp; les professionnel(les)&nbsp; \u00e0 coop\u00e9rer et \u00e0 s&rsquo;\u00e9manciper et aux parents usagers \u00e0 coop\u00e9rer.<\/p>\n","protected":false},"excerpt":{"rendered":"<p>Si C\u00e9lestin Freinet a d&rsquo;abord \u0153uvr\u00e9, avec Elise,&nbsp; pour une p\u00e9dagogie nouvelle au sein de l&rsquo;\u00e9cole, sa p\u00e9dagogie sociale orient\u00e9e vers&nbsp; une coop\u00e9ration et une \u00e9mancipation concerne tout groupe humain amen\u00e9 \u00e0 \u00e9changer ou \u00e0 travailler collectivement ensemble. En cr\u00e8che, si nous encourageons les jeunes enfants \u00e0 tatonner et \u00e0 exp\u00e9rimenter, nous encourageons, dans le [&hellip;]<\/p>\n","protected":false},"author":1,"featured_media":0,"comment_status":"open","ping_status":"open","sticky":false,"template":"","format":"standard","meta":{"footnotes":""},"categories":[4],"tags":[],"class_list":["post-300","post","type-post","status-publish","format-standard","hentry","category-articles"],"_links":{"self":[{"href":"https:\/\/crechecelestinfreinet.fr\/index.php?rest_route=\/wp\/v2\/posts\/300","targetHints":{"allow":["GET"]}}],"collection":[{"href":"https:\/\/crechecelestinfreinet.fr\/index.php?rest_route=\/wp\/v2\/posts"}],"about":[{"href":"https:\/\/crechecelestinfreinet.fr\/index.php?rest_route=\/wp\/v2\/types\/post"}],"author":[{"embeddable":true,"href":"https:\/\/crechecelestinfreinet.fr\/index.php?rest_route=\/wp\/v2\/users\/1"}],"replies":[{"embeddable":true,"href":"https:\/\/crechecelestinfreinet.fr\/index.php?rest_route=%2Fwp%2Fv2%2Fcomments&post=300"}],"version-history":[{"count":1,"href":"https:\/\/crechecelestinfreinet.fr\/index.php?rest_route=\/wp\/v2\/posts\/300\/revisions"}],"predecessor-version":[{"id":302,"href":"https:\/\/crechecelestinfreinet.fr\/index.php?rest_route=\/wp\/v2\/posts\/300\/revisions\/302"}],"wp:attachment":[{"href":"https:\/\/crechecelestinfreinet.fr\/index.php?rest_route=%2Fwp%2Fv2%2Fmedia&parent=300"}],"wp:term":[{"taxonomy":"category","embeddable":true,"href":"https:\/\/crechecelestinfreinet.fr\/index.php?rest_route=%2Fwp%2Fv2%2Fcategories&post=300"},{"taxonomy":"post_tag","embeddable":true,"href":"https:\/\/crechecelestinfreinet.fr\/index.php?rest_route=%2Fwp%2Fv2%2Ftags&post=300"}],"curies":[{"name":"wp","href":"https:\/\/api.w.org\/{rel}","templated":true}]}}