{"id":296,"date":"2023-09-06T21:42:12","date_gmt":"2023-09-06T19:42:12","guid":{"rendered":"https:\/\/crechecelestinfreinet.fr\/?p=296"},"modified":"2023-09-06T21:43:58","modified_gmt":"2023-09-06T19:43:58","slug":"elise-et-celestin-freinet-leducation-en-liberte","status":"publish","type":"post","link":"https:\/\/crechecelestinfreinet.fr\/?p=296","title":{"rendered":"Elise et C\u00e9lestin Freinet &#8211; l&rsquo;\u00e9ducation en libert\u00e9"},"content":{"rendered":"\n<figure class=\"wp-block-image size-full\"><img loading=\"lazy\" decoding=\"async\" width=\"764\" height=\"1000\" src=\"https:\/\/crechecelestinfreinet.fr\/wp-content\/uploads\/2023\/09\/Elise-et-Ce\u0301lestin-FREINET-.webp\" alt=\"\" class=\"wp-image-297\" srcset=\"https:\/\/crechecelestinfreinet.fr\/wp-content\/uploads\/2023\/09\/Elise-et-Ce\u0301lestin-FREINET-.webp 764w, https:\/\/crechecelestinfreinet.fr\/wp-content\/uploads\/2023\/09\/Elise-et-Ce\u0301lestin-FREINET--229x300.webp 229w, https:\/\/crechecelestinfreinet.fr\/wp-content\/uploads\/2023\/09\/Elise-et-Ce\u0301lestin-FREINET--618x809.webp 618w, https:\/\/crechecelestinfreinet.fr\/wp-content\/uploads\/2023\/09\/Elise-et-Ce\u0301lestin-FREINET--339x444.webp 339w\" sizes=\"auto, (max-width: 764px) 100vw, 764px\" \/><\/figure>\n","protected":false},"excerpt":{"rendered":"","protected":false},"author":1,"featured_media":0,"comment_status":"open","ping_status":"open","sticky":false,"template":"","format":"standard","meta":{"footnotes":""},"categories":[4],"tags":[],"class_list":["post-296","post","type-post","status-publish","format-standard","hentry","category-articles"],"_links":{"self":[{"href":"https:\/\/crechecelestinfreinet.fr\/index.php?rest_route=\/wp\/v2\/posts\/296","targetHints":{"allow":["GET"]}}],"collection":[{"href":"https:\/\/crechecelestinfreinet.fr\/index.php?rest_route=\/wp\/v2\/posts"}],"about":[{"href":"https:\/\/crechecelestinfreinet.fr\/index.php?rest_route=\/wp\/v2\/types\/post"}],"author":[{"embeddable":true,"href":"https:\/\/crechecelestinfreinet.fr\/index.php?rest_route=\/wp\/v2\/users\/1"}],"replies":[{"embeddable":true,"href":"https:\/\/crechecelestinfreinet.fr\/index.php?rest_route=%2Fwp%2Fv2%2Fcomments&post=296"}],"version-history":[{"count":1,"href":"https:\/\/crechecelestinfreinet.fr\/index.php?rest_route=\/wp\/v2\/posts\/296\/revisions"}],"predecessor-version":[{"id":298,"href":"https:\/\/crechecelestinfreinet.fr\/index.php?rest_route=\/wp\/v2\/posts\/296\/revisions\/298"}],"wp:attachment":[{"href":"https:\/\/crechecelestinfreinet.fr\/index.php?rest_route=%2Fwp%2Fv2%2Fmedia&parent=296"}],"wp:term":[{"taxonomy":"category","embeddable":true,"href":"https:\/\/crechecelestinfreinet.fr\/index.php?rest_route=%2Fwp%2Fv2%2Fcategories&post=296"},{"taxonomy":"post_tag","embeddable":true,"href":"https:\/\/crechecelestinfreinet.fr\/index.php?rest_route=%2Fwp%2Fv2%2Ftags&post=296"}],"curies":[{"name":"wp","href":"https:\/\/api.w.org\/{rel}","templated":true}]}}