{"id":142,"date":"2020-05-08T14:29:32","date_gmt":"2020-05-08T12:29:32","guid":{"rendered":"http:\/\/crechecelestinfreinet.fr\/?p=142"},"modified":"2022-05-30T23:25:12","modified_gmt":"2022-05-30T21:25:12","slug":"institut-cooperatif-de-lecole-moderne-icem","status":"publish","type":"post","link":"https:\/\/crechecelestinfreinet.fr\/?p=142","title":{"rendered":"ICM    Institut Coop\u00e9ratif de l&rsquo;\u00e9cole Moderne"},"content":{"rendered":"\n<pre class=\"wp-block-preformatted\"><a href=\"https:\/\/www.icem-pedagogie-freinet.org\/node\/10994\">https:\/\/www.icem-pedagogie-freinet.org\/node\/10994<\/a><\/pre>\n\n\n\n<figure class=\"wp-block-image\"><img decoding=\"async\" src=\"https:\/\/images-na.ssl-images-amazon.com\/images\/I\/41bdgfIValL._SX407_BO1,204,203,200_.jpg\" alt=\"\"\/><figcaption>\u00ab\u00a0L&rsquo;enfant et l&rsquo;artiste habitent le m\u00eame pays. C&rsquo;est une contr\u00e9e sans fronti\u00e8res. <br>Un lieu de transformations et de m\u00e9tamorphoses.\u00a0\u00bb<\/figcaption><\/figure>\n","protected":false},"excerpt":{"rendered":"<p>https:\/\/www.icem-pedagogie-freinet.org\/node\/10994<\/p>\n","protected":false},"author":1,"featured_media":0,"comment_status":"closed","ping_status":"closed","sticky":false,"template":"","format":"standard","meta":{"footnotes":""},"categories":[4],"tags":[],"class_list":["post-142","post","type-post","status-publish","format-standard","hentry","category-articles"],"_links":{"self":[{"href":"https:\/\/crechecelestinfreinet.fr\/index.php?rest_route=\/wp\/v2\/posts\/142","targetHints":{"allow":["GET"]}}],"collection":[{"href":"https:\/\/crechecelestinfreinet.fr\/index.php?rest_route=\/wp\/v2\/posts"}],"about":[{"href":"https:\/\/crechecelestinfreinet.fr\/index.php?rest_route=\/wp\/v2\/types\/post"}],"author":[{"embeddable":true,"href":"https:\/\/crechecelestinfreinet.fr\/index.php?rest_route=\/wp\/v2\/users\/1"}],"replies":[{"embeddable":true,"href":"https:\/\/crechecelestinfreinet.fr\/index.php?rest_route=%2Fwp%2Fv2%2Fcomments&post=142"}],"version-history":[{"count":5,"href":"https:\/\/crechecelestinfreinet.fr\/index.php?rest_route=\/wp\/v2\/posts\/142\/revisions"}],"predecessor-version":[{"id":156,"href":"https:\/\/crechecelestinfreinet.fr\/index.php?rest_route=\/wp\/v2\/posts\/142\/revisions\/156"}],"wp:attachment":[{"href":"https:\/\/crechecelestinfreinet.fr\/index.php?rest_route=%2Fwp%2Fv2%2Fmedia&parent=142"}],"wp:term":[{"taxonomy":"category","embeddable":true,"href":"https:\/\/crechecelestinfreinet.fr\/index.php?rest_route=%2Fwp%2Fv2%2Fcategories&post=142"},{"taxonomy":"post_tag","embeddable":true,"href":"https:\/\/crechecelestinfreinet.fr\/index.php?rest_route=%2Fwp%2Fv2%2Ftags&post=142"}],"curies":[{"name":"wp","href":"https:\/\/api.w.org\/{rel}","templated":true}]}}