{"id":140,"date":"2020-05-08T14:25:30","date_gmt":"2020-05-08T12:25:30","guid":{"rendered":"http:\/\/crechecelestinfreinet.fr\/?p=140"},"modified":"2022-04-20T11:42:33","modified_gmt":"2022-04-20T09:42:33","slug":"fermeture-de-la-creche-au-mois-de-mai-2020","status":"publish","type":"post","link":"https:\/\/crechecelestinfreinet.fr\/?p=140","title":{"rendered":"Fermeture de la cr\u00e8che au mois de mai 2020"},"content":{"rendered":"\n<p>Compte-tenu du contexte de pand\u00e9mie, les conditions ne sont pas remplies pour la r\u00e9ouverture de la cr\u00e8che au mois de mai 2020.<\/p>\n","protected":false},"excerpt":{"rendered":"<p>Compte-tenu du contexte de pand\u00e9mie, les conditions ne sont pas remplies pour la r\u00e9ouverture de la cr\u00e8che au mois de mai 2020.<\/p>\n","protected":false},"author":1,"featured_media":0,"comment_status":"closed","ping_status":"closed","sticky":false,"template":"","format":"standard","meta":{"footnotes":""},"categories":[3],"tags":[],"class_list":["post-140","post","type-post","status-publish","format-standard","hentry","category-actualites"],"_links":{"self":[{"href":"https:\/\/crechecelestinfreinet.fr\/index.php?rest_route=\/wp\/v2\/posts\/140","targetHints":{"allow":["GET"]}}],"collection":[{"href":"https:\/\/crechecelestinfreinet.fr\/index.php?rest_route=\/wp\/v2\/posts"}],"about":[{"href":"https:\/\/crechecelestinfreinet.fr\/index.php?rest_route=\/wp\/v2\/types\/post"}],"author":[{"embeddable":true,"href":"https:\/\/crechecelestinfreinet.fr\/index.php?rest_route=\/wp\/v2\/users\/1"}],"replies":[{"embeddable":true,"href":"https:\/\/crechecelestinfreinet.fr\/index.php?rest_route=%2Fwp%2Fv2%2Fcomments&post=140"}],"version-history":[{"count":1,"href":"https:\/\/crechecelestinfreinet.fr\/index.php?rest_route=\/wp\/v2\/posts\/140\/revisions"}],"predecessor-version":[{"id":141,"href":"https:\/\/crechecelestinfreinet.fr\/index.php?rest_route=\/wp\/v2\/posts\/140\/revisions\/141"}],"wp:attachment":[{"href":"https:\/\/crechecelestinfreinet.fr\/index.php?rest_route=%2Fwp%2Fv2%2Fmedia&parent=140"}],"wp:term":[{"taxonomy":"category","embeddable":true,"href":"https:\/\/crechecelestinfreinet.fr\/index.php?rest_route=%2Fwp%2Fv2%2Fcategories&post=140"},{"taxonomy":"post_tag","embeddable":true,"href":"https:\/\/crechecelestinfreinet.fr\/index.php?rest_route=%2Fwp%2Fv2%2Ftags&post=140"}],"curies":[{"name":"wp","href":"https:\/\/api.w.org\/{rel}","templated":true}]}}