{"id":108,"date":"2020-05-01T15:06:57","date_gmt":"2020-05-01T13:06:57","guid":{"rendered":"http:\/\/crechecelestinfreinet.fr\/?p=108"},"modified":"2022-04-20T11:40:42","modified_gmt":"2022-04-20T09:40:42","slug":"fermeture-de-la-creche-pendant-le-confinement","status":"publish","type":"post","link":"https:\/\/crechecelestinfreinet.fr\/?p=108","title":{"rendered":"Fermeture de la cr\u00e8che pendant le confinement"},"content":{"rendered":"\n<p>Depuis le d\u00e9but du confinement d\u00fb \u00e0 la crise sanitaire li\u00e9e au COVID-19, l&rsquo;\u00e9tablissement est ferm\u00e9. Pour plus d&rsquo;informations sur la r\u00e9ouverture, envoyez un mail \u00e0 celestinfreinet93@gmail.com<\/p>\n","protected":false},"excerpt":{"rendered":"<p>Depuis le d\u00e9but du confinement d\u00fb \u00e0 la crise sanitaire li\u00e9e au COVID-19, l&rsquo;\u00e9tablissement est ferm\u00e9. Pour plus d&rsquo;informations sur la r\u00e9ouverture, envoyez un mail \u00e0 celestinfreinet93@gmail.com<\/p>\n","protected":false},"author":1,"featured_media":0,"comment_status":"closed","ping_status":"closed","sticky":false,"template":"","format":"standard","meta":{"footnotes":""},"categories":[3],"tags":[],"class_list":["post-108","post","type-post","status-publish","format-standard","hentry","category-actualites"],"_links":{"self":[{"href":"https:\/\/crechecelestinfreinet.fr\/index.php?rest_route=\/wp\/v2\/posts\/108","targetHints":{"allow":["GET"]}}],"collection":[{"href":"https:\/\/crechecelestinfreinet.fr\/index.php?rest_route=\/wp\/v2\/posts"}],"about":[{"href":"https:\/\/crechecelestinfreinet.fr\/index.php?rest_route=\/wp\/v2\/types\/post"}],"author":[{"embeddable":true,"href":"https:\/\/crechecelestinfreinet.fr\/index.php?rest_route=\/wp\/v2\/users\/1"}],"replies":[{"embeddable":true,"href":"https:\/\/crechecelestinfreinet.fr\/index.php?rest_route=%2Fwp%2Fv2%2Fcomments&post=108"}],"version-history":[{"count":1,"href":"https:\/\/crechecelestinfreinet.fr\/index.php?rest_route=\/wp\/v2\/posts\/108\/revisions"}],"predecessor-version":[{"id":109,"href":"https:\/\/crechecelestinfreinet.fr\/index.php?rest_route=\/wp\/v2\/posts\/108\/revisions\/109"}],"wp:attachment":[{"href":"https:\/\/crechecelestinfreinet.fr\/index.php?rest_route=%2Fwp%2Fv2%2Fmedia&parent=108"}],"wp:term":[{"taxonomy":"category","embeddable":true,"href":"https:\/\/crechecelestinfreinet.fr\/index.php?rest_route=%2Fwp%2Fv2%2Fcategories&post=108"},{"taxonomy":"post_tag","embeddable":true,"href":"https:\/\/crechecelestinfreinet.fr\/index.php?rest_route=%2Fwp%2Fv2%2Ftags&post=108"}],"curies":[{"name":"wp","href":"https:\/\/api.w.org\/{rel}","templated":true}]}}